{"id":4267,"date":"2016-10-31T11:15:11","date_gmt":"2016-10-31T15:15:11","guid":{"rendered":"https:\/\/progi.com\/fr\/?p=4267"},"modified":"2019-03-27T15:34:55","modified_gmt":"2019-03-27T19:34:55","slug":"halloween-2016-en-direct-du-nouveau-progiplex","status":"publish","type":"post","link":"https:\/\/progi.com\/fr\/2016\/10\/31\/halloween-2016-en-direct-du-nouveau-progiplex\/","title":{"rendered":"Halloween 2016&#8230; en direct du nouveau ProgiPlex!"},"content":{"rendered":"<p>C&rsquo;est aujourd&rsquo;hui la grande rentr\u00e9e de l&rsquo;\u00e9quipe Progi dans ses nouveaux bureaux &#8212; une b\u00e2tisse acquise par l&rsquo;entreprise cette ann\u00e9e et situ\u00e9e sur la rue Saint-Georges, au centre-ville de Trois-Rivi\u00e8res. Et quel heureux hasard que ce jour 1 co\u00efncide avec la f\u00eate d&rsquo;Halloween, que l&rsquo;\u00e9quipe a une longue tradition de souligner en rivalisant d&rsquo;originalit\u00e9 dans ses costumes (voir les photos des ann\u00e9es <a href=\"https:\/\/progi.com\/fr\/2015\/10\/30\/joyeuse-halloween-2015\/\">2015<\/a>, <a href=\"https:\/\/progi.com\/fr\/2014\/10\/31\/joyeuse-halloween-2014\/\">2014<\/a>, <a href=\"https:\/\/progi.com\/fr\/2013\/10\/31\/joyeuse-halloween-2013\/\">2013<\/a>, <a href=\"https:\/\/progi.com\/fr\/2012\/11\/01\/joyeuse-halloween-2012\/\">2012<\/a> and <a href=\"https:\/\/progi.com\/fr\/2011\/10\/31\/joyeuse-halloween-2011\/\">2011<\/a>).<\/p>\n<p>L&rsquo;atmosph\u00e8re est donc f\u00e9brile ce matin chez Progi, alors que nous d\u00e9couvrons tous le nouvel espace, qui a \u00e9t\u00e9 enti\u00e8rement r\u00e9nov\u00e9 et am\u00e9nag\u00e9 pour les besoins de l&rsquo;\u00e9quipe, et que nous finalisons notre installation.<\/p>\n<p>Nous vous reviendrons dans les prochaines semaines avec davantage de photos et une inauguration officielle. Entre temps, joyeuse Halloween!<\/p>\n","protected":false},"excerpt":{"rendered":"<p>C&rsquo;est aujourd&rsquo;hui la grande rentr\u00e9e de l&rsquo;\u00e9quipe Progi dans ses nouveaux bureaux &#8212; une b\u00e2tisse acquise par l&rsquo;entreprise cette ann\u00e9e et situ\u00e9e sur la rue Saint-Georges, au centre-ville de Trois-Rivi\u00e8res. Et quel heureux hasard que ce jour 1 co\u00efncide avec la f\u00eate d&rsquo;Halloween, que l&rsquo;\u00e9quipe [&hellip;]<\/p>\n","protected":false},"author":2,"featured_media":7658,"comment_status":"closed","ping_status":"closed","sticky":false,"template":"","format":"standard","meta":[],"categories":[21],"tags":[],"yoast_head":"<!-- This site is optimized with the Yoast SEO plugin v16.5 - https:\/\/yoast.com\/wordpress\/plugins\/seo\/ -->\n<title>Halloween 2016... en direct du nouveau ProgiPlex! - Progi<\/title>\n<meta name=\"robots\" content=\"index, follow, max-snippet:-1, max-image-preview:large, max-video-preview:-1\" \/>\n<link rel=\"canonical\" href=\"https:\/\/progi.com\/fr\/2016\/10\/31\/halloween-2016-en-direct-du-nouveau-progiplex\/\" \/>\n<meta property=\"og:locale\" content=\"fr_CA\" \/>\n<meta property=\"og:type\" content=\"article\" \/>\n<meta property=\"og:title\" content=\"Halloween 2016... en direct du nouveau ProgiPlex! - Progi\" \/>\n<meta property=\"og:description\" content=\"C&rsquo;est aujourd&rsquo;hui la grande rentr\u00e9e de l&rsquo;\u00e9quipe Progi dans ses nouveaux bureaux &#8212; une b\u00e2tisse acquise par l&rsquo;entreprise cette ann\u00e9e et situ\u00e9e sur la rue Saint-Georges, au centre-ville de Trois-Rivi\u00e8res. Et quel heureux hasard que ce jour 1 co\u00efncide avec la f\u00eate d&rsquo;Halloween, que l&rsquo;\u00e9quipe [&hellip;]\" \/>\n<meta property=\"og:url\" content=\"https:\/\/progi.com\/fr\/2016\/10\/31\/halloween-2016-en-direct-du-nouveau-progiplex\/\" \/>\n<meta property=\"og:site_name\" content=\"Progi\" \/>\n<meta property=\"article:published_time\" content=\"2016-10-31T15:15:11+00:00\" \/>\n<meta property=\"article:modified_time\" content=\"2019-03-27T19:34:55+00:00\" \/>\n<meta property=\"og:image\" content=\"https:\/\/progi.com\/wp-content\/uploads\/2018\/05\/social-halloween2016.jpg\" \/>\n\t<meta property=\"og:image:width\" content=\"700\" \/>\n\t<meta property=\"og:image:height\" content=\"467\" \/>\n<meta name=\"twitter:card\" content=\"summary_large_image\" \/>\n<meta name=\"twitter:label1\" content=\"Estimation du temps de lecture\" \/>\n\t<meta name=\"twitter:data1\" content=\"1 minute\" \/>\n<script type=\"application\/ld+json\" class=\"yoast-schema-graph\">{\"@context\":\"https:\/\/schema.org\",\"@graph\":[{\"@type\":\"WebSite\",\"@id\":\"https:\/\/progi.com\/en\/#website\",\"url\":\"https:\/\/progi.com\/en\/\",\"name\":\"Progi\",\"description\":\"Solutions digitales pour l&#039;assurance et l&#039;auto\",\"potentialAction\":[{\"@type\":\"SearchAction\",\"target\":\"https:\/\/progi.com\/en\/?s={search_term_string}\",\"query-input\":\"required name=search_term_string\"}],\"inLanguage\":\"fr-CA\"},{\"@type\":\"ImageObject\",\"@id\":\"https:\/\/progi.com\/fr\/2016\/10\/31\/halloween-2016-en-direct-du-nouveau-progiplex\/#primaryimage\",\"inLanguage\":\"fr-CA\",\"url\":\"https:\/\/progi.com\/wp-content\/uploads\/2018\/05\/social-halloween2016.jpg\",\"contentUrl\":\"https:\/\/progi.com\/wp-content\/uploads\/2018\/05\/social-halloween2016.jpg\",\"width\":700,\"height\":467,\"caption\":\"Halloween 2016\"},{\"@type\":\"WebPage\",\"@id\":\"https:\/\/progi.com\/fr\/2016\/10\/31\/halloween-2016-en-direct-du-nouveau-progiplex\/#webpage\",\"url\":\"https:\/\/progi.com\/fr\/2016\/10\/31\/halloween-2016-en-direct-du-nouveau-progiplex\/\",\"name\":\"Halloween 2016... en direct du nouveau ProgiPlex! - Progi\",\"isPartOf\":{\"@id\":\"https:\/\/progi.com\/en\/#website\"},\"primaryImageOfPage\":{\"@id\":\"https:\/\/progi.com\/fr\/2016\/10\/31\/halloween-2016-en-direct-du-nouveau-progiplex\/#primaryimage\"},\"datePublished\":\"2016-10-31T15:15:11+00:00\",\"dateModified\":\"2019-03-27T19:34:55+00:00\",\"author\":{\"@id\":\"https:\/\/progi.com\/en\/#\/schema\/person\/20dd038f4d5dd3d23745aee5ee3f777b\"},\"breadcrumb\":{\"@id\":\"https:\/\/progi.com\/fr\/2016\/10\/31\/halloween-2016-en-direct-du-nouveau-progiplex\/#breadcrumb\"},\"inLanguage\":\"fr-CA\",\"potentialAction\":[{\"@type\":\"ReadAction\",\"target\":[\"https:\/\/progi.com\/fr\/2016\/10\/31\/halloween-2016-en-direct-du-nouveau-progiplex\/\"]}]},{\"@type\":\"BreadcrumbList\",\"@id\":\"https:\/\/progi.com\/fr\/2016\/10\/31\/halloween-2016-en-direct-du-nouveau-progiplex\/#breadcrumb\",\"itemListElement\":[{\"@type\":\"ListItem\",\"position\":1,\"name\":\"Home\",\"item\":\"https:\/\/progi.com\/fr\/\"},{\"@type\":\"ListItem\",\"position\":2,\"name\":\"Halloween 2016&#8230; en direct du nouveau ProgiPlex!\"}]},{\"@type\":\"Person\",\"@id\":\"https:\/\/progi.com\/en\/#\/schema\/person\/20dd038f4d5dd3d23745aee5ee3f777b\",\"name\":\"Emilie Blanchette\",\"image\":{\"@type\":\"ImageObject\",\"@id\":\"https:\/\/progi.com\/en\/#personlogo\",\"inLanguage\":\"fr-CA\",\"url\":\"https:\/\/secure.gravatar.com\/avatar\/77b9a7d182c40031e1881d361fc6bf31?s=96&d=mm&r=g\",\"contentUrl\":\"https:\/\/secure.gravatar.com\/avatar\/77b9a7d182c40031e1881d361fc6bf31?s=96&d=mm&r=g\",\"caption\":\"Emilie Blanchette\"},\"url\":\"https:\/\/progi.com\/fr\/author\/emilie\/\"}]}<\/script>\n<!-- \/ Yoast SEO plugin. -->","amp_enabled":true,"_links":{"self":[{"href":"https:\/\/progi.com\/fr\/wp-json\/wp\/v2\/posts\/4267"}],"collection":[{"href":"https:\/\/progi.com\/fr\/wp-json\/wp\/v2\/posts"}],"about":[{"href":"https:\/\/progi.com\/fr\/wp-json\/wp\/v2\/types\/post"}],"author":[{"embeddable":true,"href":"https:\/\/progi.com\/fr\/wp-json\/wp\/v2\/users\/2"}],"replies":[{"embeddable":true,"href":"https:\/\/progi.com\/fr\/wp-json\/wp\/v2\/comments?post=4267"}],"version-history":[{"count":5,"href":"https:\/\/progi.com\/fr\/wp-json\/wp\/v2\/posts\/4267\/revisions"}],"predecessor-version":[{"id":8883,"href":"https:\/\/progi.com\/fr\/wp-json\/wp\/v2\/posts\/4267\/revisions\/8883"}],"wp:featuredmedia":[{"embeddable":true,"href":"https:\/\/progi.com\/fr\/wp-json\/wp\/v2\/media\/7658"}],"wp:attachment":[{"href":"https:\/\/progi.com\/fr\/wp-json\/wp\/v2\/media?parent=4267"}],"wp:term":[{"taxonomy":"category","embeddable":true,"href":"https:\/\/progi.com\/fr\/wp-json\/wp\/v2\/categories?post=4267"},{"taxonomy":"post_tag","embeddable":true,"href":"https:\/\/progi.com\/fr\/wp-json\/wp\/v2\/tags?post=4267"}],"curies":[{"name":"wp","href":"https:\/\/api.w.org\/{rel}","templated":true}]}}