{"id":2953,"date":"2016-01-26T10:28:21","date_gmt":"2016-01-26T14:28:21","guid":{"rendered":"https:\/\/progi.com\/web\/?p=2953"},"modified":"2016-05-05T08:21:00","modified_gmt":"2016-05-05T12:21:00","slug":"progi-acquiert-une-nouvelle-batisse","status":"publish","type":"post","link":"https:\/\/progi.com\/fr\/2016\/01\/26\/progi-acquiert-une-nouvelle-batisse\/","title":{"rendered":"Progi acquiert une nouvelle b\u00e2tisse"},"content":{"rendered":"<p>C&rsquo;est officiel! Progi est maintenant propri\u00e9taire du\u00a0<a target=\"_blank\" href=\"https:\/\/www.google.ca\/maps\/place\/500+Rue+Saint+Georges,+Trois-Rivi%C3%A8res,+QC+G9A+2K8\/@46.3416844,-72.5481714,17z\/data=!3m1!4b1!4m2!3m1!1s0x4cc7c601be10b011:0xe624280d57a68c86?hl=en\">500 rue Saint-Georges \u00e0\u00a0Trois-Rivi\u00e8res<\/a>.<\/p>\n<p>Progi relocalisera son si\u00e8ge social au deuxi\u00e8me \u00e9tage du b\u00e2timent de la rue Saint-Georges, apr\u00e8s des r\u00e9novations importantes qui personnaliseront l&rsquo;espace aux besoins de Progi. Puisque le deuxi\u00e8me \u00e9tage est d\u00e9j\u00e0 plus grand que les bureaux actuels de Progi et accommodera son \u00e9quipe grandissante pendant quelques temps, le rez-de-chauss\u00e9e sera lou\u00e9 \u00e0 une autre entreprise.<\/p>\n<p>Les travaux d\u00e9buteront d\u00e9but f\u00e9vrier, et le d\u00e9m\u00e9nagement est pr\u00e9vu pour la fin de l&rsquo;\u00e9t\u00e9 2016. Pour ajouter un peu de piquant, une page\u00a0<a href=\"\/fr\/produits\/progilog\/\">ProgiLog<\/a>\u00a0sera employ\u00e9e pour donner la chance \u00e0 tous de jeter un oeil aux r\u00e9novations de la nouvelle b\u00e2tisse : <a href=\"https:\/\/web.progi.com\/progilog\/entreprise\/public\/clients\/affiche\/LJXRVM\" target=\"_blank\">voil\u00e0 le lien<\/a>!<\/p>\n","protected":false},"excerpt":{"rendered":"<p>C&rsquo;est officiel! Progi est maintenant propri\u00e9taire du\u00a0500 rue Saint-Georges \u00e0\u00a0Trois-Rivi\u00e8res. Progi relocalisera son si\u00e8ge social au deuxi\u00e8me \u00e9tage du b\u00e2timent de la rue Saint-Georges, apr\u00e8s des r\u00e9novations importantes qui personnaliseront l&rsquo;espace aux besoins de Progi. Puisque le deuxi\u00e8me \u00e9tage est d\u00e9j\u00e0 plus grand que les [&hellip;]<\/p>\n","protected":false},"author":2,"featured_media":0,"comment_status":"closed","ping_status":"closed","sticky":false,"template":"","format":"standard","meta":[],"categories":[4,18],"tags":[],"yoast_head":"<!-- This site is optimized with the Yoast SEO plugin v16.5 - https:\/\/yoast.com\/wordpress\/plugins\/seo\/ -->\n<title>Progi acquiert une nouvelle b\u00e2tisse - Progi<\/title>\n<meta name=\"robots\" content=\"index, follow, max-snippet:-1, max-image-preview:large, max-video-preview:-1\" \/>\n<link rel=\"canonical\" href=\"https:\/\/progi.com\/fr\/2016\/01\/26\/progi-acquiert-une-nouvelle-batisse\/\" \/>\n<meta property=\"og:locale\" content=\"fr_CA\" \/>\n<meta property=\"og:type\" content=\"article\" \/>\n<meta property=\"og:title\" content=\"Progi acquiert une nouvelle b\u00e2tisse - Progi\" \/>\n<meta property=\"og:description\" content=\"C&rsquo;est officiel! Progi est maintenant propri\u00e9taire du\u00a0500 rue Saint-Georges \u00e0\u00a0Trois-Rivi\u00e8res. Progi relocalisera son si\u00e8ge social au deuxi\u00e8me \u00e9tage du b\u00e2timent de la rue Saint-Georges, apr\u00e8s des r\u00e9novations importantes qui personnaliseront l&rsquo;espace aux besoins de Progi. Puisque le deuxi\u00e8me \u00e9tage est d\u00e9j\u00e0 plus grand que les [&hellip;]\" \/>\n<meta property=\"og:url\" content=\"https:\/\/progi.com\/fr\/2016\/01\/26\/progi-acquiert-une-nouvelle-batisse\/\" \/>\n<meta property=\"og:site_name\" content=\"Progi\" \/>\n<meta property=\"article:published_time\" content=\"2016-01-26T14:28:21+00:00\" \/>\n<meta property=\"article:modified_time\" content=\"2016-05-05T12:21:00+00:00\" \/>\n<meta name=\"twitter:card\" content=\"summary_large_image\" \/>\n<meta name=\"twitter:label1\" content=\"Estimation du temps de lecture\" \/>\n\t<meta name=\"twitter:data1\" content=\"1 minute\" \/>\n<script type=\"application\/ld+json\" class=\"yoast-schema-graph\">{\"@context\":\"https:\/\/schema.org\",\"@graph\":[{\"@type\":\"WebSite\",\"@id\":\"https:\/\/progi.com\/en\/#website\",\"url\":\"https:\/\/progi.com\/en\/\",\"name\":\"Progi\",\"description\":\"Solutions digitales pour l&#039;assurance et l&#039;auto\",\"potentialAction\":[{\"@type\":\"SearchAction\",\"target\":\"https:\/\/progi.com\/en\/?s={search_term_string}\",\"query-input\":\"required name=search_term_string\"}],\"inLanguage\":\"fr-CA\"},{\"@type\":\"WebPage\",\"@id\":\"https:\/\/progi.com\/fr\/2016\/01\/26\/progi-acquiert-une-nouvelle-batisse\/#webpage\",\"url\":\"https:\/\/progi.com\/fr\/2016\/01\/26\/progi-acquiert-une-nouvelle-batisse\/\",\"name\":\"Progi acquiert une nouvelle b\\u00e2tisse - Progi\",\"isPartOf\":{\"@id\":\"https:\/\/progi.com\/en\/#website\"},\"datePublished\":\"2016-01-26T14:28:21+00:00\",\"dateModified\":\"2016-05-05T12:21:00+00:00\",\"author\":{\"@id\":\"https:\/\/progi.com\/en\/#\/schema\/person\/20dd038f4d5dd3d23745aee5ee3f777b\"},\"breadcrumb\":{\"@id\":\"https:\/\/progi.com\/fr\/2016\/01\/26\/progi-acquiert-une-nouvelle-batisse\/#breadcrumb\"},\"inLanguage\":\"fr-CA\",\"potentialAction\":[{\"@type\":\"ReadAction\",\"target\":[\"https:\/\/progi.com\/fr\/2016\/01\/26\/progi-acquiert-une-nouvelle-batisse\/\"]}]},{\"@type\":\"BreadcrumbList\",\"@id\":\"https:\/\/progi.com\/fr\/2016\/01\/26\/progi-acquiert-une-nouvelle-batisse\/#breadcrumb\",\"itemListElement\":[{\"@type\":\"ListItem\",\"position\":1,\"name\":\"Home\",\"item\":\"https:\/\/progi.com\/fr\/\"},{\"@type\":\"ListItem\",\"position\":2,\"name\":\"Progi acquiert une nouvelle b\\u00e2tisse\"}]},{\"@type\":\"Person\",\"@id\":\"https:\/\/progi.com\/en\/#\/schema\/person\/20dd038f4d5dd3d23745aee5ee3f777b\",\"name\":\"Emilie Blanchette\",\"image\":{\"@type\":\"ImageObject\",\"@id\":\"https:\/\/progi.com\/en\/#personlogo\",\"inLanguage\":\"fr-CA\",\"url\":\"https:\/\/secure.gravatar.com\/avatar\/77b9a7d182c40031e1881d361fc6bf31?s=96&d=mm&r=g\",\"contentUrl\":\"https:\/\/secure.gravatar.com\/avatar\/77b9a7d182c40031e1881d361fc6bf31?s=96&d=mm&r=g\",\"caption\":\"Emilie Blanchette\"},\"url\":\"https:\/\/progi.com\/fr\/author\/emilie\/\"}]}<\/script>\n<!-- \/ Yoast SEO plugin. -->","amp_enabled":true,"_links":{"self":[{"href":"https:\/\/progi.com\/fr\/wp-json\/wp\/v2\/posts\/2953"}],"collection":[{"href":"https:\/\/progi.com\/fr\/wp-json\/wp\/v2\/posts"}],"about":[{"href":"https:\/\/progi.com\/fr\/wp-json\/wp\/v2\/types\/post"}],"author":[{"embeddable":true,"href":"https:\/\/progi.com\/fr\/wp-json\/wp\/v2\/users\/2"}],"replies":[{"embeddable":true,"href":"https:\/\/progi.com\/fr\/wp-json\/wp\/v2\/comments?post=2953"}],"version-history":[{"count":1,"href":"https:\/\/progi.com\/fr\/wp-json\/wp\/v2\/posts\/2953\/revisions"}],"predecessor-version":[{"id":3970,"href":"https:\/\/progi.com\/fr\/wp-json\/wp\/v2\/posts\/2953\/revisions\/3970"}],"wp:attachment":[{"href":"https:\/\/progi.com\/fr\/wp-json\/wp\/v2\/media?parent=2953"}],"wp:term":[{"taxonomy":"category","embeddable":true,"href":"https:\/\/progi.com\/fr\/wp-json\/wp\/v2\/categories?post=2953"},{"taxonomy":"post_tag","embeddable":true,"href":"https:\/\/progi.com\/fr\/wp-json\/wp\/v2\/tags?post=2953"}],"curies":[{"name":"wp","href":"https:\/\/api.w.org\/{rel}","templated":true}]}}