{"id":2945,"date":"2015-12-18T12:19:15","date_gmt":"2015-12-18T16:19:15","guid":{"rendered":"https:\/\/progi.com\/web\/?p=2945"},"modified":"2016-05-06T11:16:20","modified_gmt":"2016-05-06T15:16:20","slug":"bon-temps-des-fetes-2015","status":"publish","type":"post","link":"https:\/\/progi.com\/fr\/2015\/12\/18\/bon-temps-des-fetes-2015\/","title":{"rendered":"Bon temps des F\u00eates"},"content":{"rendered":"<p>Surtout, merci \u00e0 nos clients et partenaires pour votre support et collaboration en 2015. Ce f\u00fbt une autre ann\u00e9e incroyable, et chaque projet sur lequel nous avons travaill\u00e9 a \u00e9t\u00e9 am\u00e9lior\u00e9 par votre participation.<\/p>\n<p>Nous esp\u00e9rons que 2016 vous apportera sant\u00e9, paix et joie.<\/p>\n<p>Pour s&rsquo;amuser, nous avons pr\u00e9par\u00e9 des &laquo; Mentions honorables &raquo;, mettant en vedette nos co-\u00e9quipiers, pour injecter un peu de fun dans la saison. <strong><a href=\"\/wp-content\/holidays\/2015\/index.html\">Venez voir!<\/a><\/strong><\/p>\n","protected":false},"excerpt":{"rendered":"<p>Surtout, merci \u00e0 nos clients et partenaires pour votre support et collaboration en 2015. Ce f\u00fbt une autre ann\u00e9e incroyable, et chaque projet sur lequel nous avons travaill\u00e9 a \u00e9t\u00e9 am\u00e9lior\u00e9 par votre participation. Nous esp\u00e9rons que 2016 vous apportera sant\u00e9, paix et joie. Pour [&hellip;]<\/p>\n","protected":false},"author":2,"featured_media":0,"comment_status":"closed","ping_status":"closed","sticky":false,"template":"","format":"standard","meta":[],"categories":[21],"tags":[],"yoast_head":"<!-- This site is optimized with the Yoast SEO plugin v16.5 - https:\/\/yoast.com\/wordpress\/plugins\/seo\/ -->\n<title>Bon temps des F\u00eates - Progi<\/title>\n<meta name=\"robots\" content=\"index, follow, max-snippet:-1, max-image-preview:large, max-video-preview:-1\" \/>\n<link rel=\"canonical\" href=\"https:\/\/progi.com\/fr\/2015\/12\/18\/bon-temps-des-fetes-2015\/\" \/>\n<meta property=\"og:locale\" content=\"fr_CA\" \/>\n<meta property=\"og:type\" content=\"article\" \/>\n<meta property=\"og:title\" content=\"Bon temps des F\u00eates - Progi\" \/>\n<meta property=\"og:description\" content=\"Surtout, merci \u00e0 nos clients et partenaires pour votre support et collaboration en 2015. Ce f\u00fbt une autre ann\u00e9e incroyable, et chaque projet sur lequel nous avons travaill\u00e9 a \u00e9t\u00e9 am\u00e9lior\u00e9 par votre participation. Nous esp\u00e9rons que 2016 vous apportera sant\u00e9, paix et joie. Pour [&hellip;]\" \/>\n<meta property=\"og:url\" content=\"https:\/\/progi.com\/fr\/2015\/12\/18\/bon-temps-des-fetes-2015\/\" \/>\n<meta property=\"og:site_name\" content=\"Progi\" \/>\n<meta property=\"article:published_time\" content=\"2015-12-18T16:19:15+00:00\" \/>\n<meta property=\"article:modified_time\" content=\"2016-05-06T15:16:20+00:00\" \/>\n<meta name=\"twitter:card\" content=\"summary_large_image\" \/>\n<script type=\"application\/ld+json\" class=\"yoast-schema-graph\">{\"@context\":\"https:\/\/schema.org\",\"@graph\":[{\"@type\":\"WebSite\",\"@id\":\"https:\/\/progi.com\/en\/#website\",\"url\":\"https:\/\/progi.com\/en\/\",\"name\":\"Progi\",\"description\":\"Solutions digitales pour l&#039;assurance et l&#039;auto\",\"potentialAction\":[{\"@type\":\"SearchAction\",\"target\":\"https:\/\/progi.com\/en\/?s={search_term_string}\",\"query-input\":\"required name=search_term_string\"}],\"inLanguage\":\"fr-CA\"},{\"@type\":\"WebPage\",\"@id\":\"https:\/\/progi.com\/fr\/2015\/12\/18\/bon-temps-des-fetes-2015\/#webpage\",\"url\":\"https:\/\/progi.com\/fr\/2015\/12\/18\/bon-temps-des-fetes-2015\/\",\"name\":\"Bon temps des F\\u00eates - Progi\",\"isPartOf\":{\"@id\":\"https:\/\/progi.com\/en\/#website\"},\"datePublished\":\"2015-12-18T16:19:15+00:00\",\"dateModified\":\"2016-05-06T15:16:20+00:00\",\"author\":{\"@id\":\"https:\/\/progi.com\/en\/#\/schema\/person\/20dd038f4d5dd3d23745aee5ee3f777b\"},\"breadcrumb\":{\"@id\":\"https:\/\/progi.com\/fr\/2015\/12\/18\/bon-temps-des-fetes-2015\/#breadcrumb\"},\"inLanguage\":\"fr-CA\",\"potentialAction\":[{\"@type\":\"ReadAction\",\"target\":[\"https:\/\/progi.com\/fr\/2015\/12\/18\/bon-temps-des-fetes-2015\/\"]}]},{\"@type\":\"BreadcrumbList\",\"@id\":\"https:\/\/progi.com\/fr\/2015\/12\/18\/bon-temps-des-fetes-2015\/#breadcrumb\",\"itemListElement\":[{\"@type\":\"ListItem\",\"position\":1,\"name\":\"Home\",\"item\":\"https:\/\/progi.com\/fr\/\"},{\"@type\":\"ListItem\",\"position\":2,\"name\":\"Bon temps des F\\u00eates\"}]},{\"@type\":\"Person\",\"@id\":\"https:\/\/progi.com\/en\/#\/schema\/person\/20dd038f4d5dd3d23745aee5ee3f777b\",\"name\":\"Emilie Blanchette\",\"image\":{\"@type\":\"ImageObject\",\"@id\":\"https:\/\/progi.com\/en\/#personlogo\",\"inLanguage\":\"fr-CA\",\"url\":\"https:\/\/secure.gravatar.com\/avatar\/77b9a7d182c40031e1881d361fc6bf31?s=96&d=mm&r=g\",\"contentUrl\":\"https:\/\/secure.gravatar.com\/avatar\/77b9a7d182c40031e1881d361fc6bf31?s=96&d=mm&r=g\",\"caption\":\"Emilie Blanchette\"},\"url\":\"https:\/\/progi.com\/fr\/author\/emilie\/\"}]}<\/script>\n<!-- \/ Yoast SEO plugin. -->","amp_enabled":true,"_links":{"self":[{"href":"https:\/\/progi.com\/fr\/wp-json\/wp\/v2\/posts\/2945"}],"collection":[{"href":"https:\/\/progi.com\/fr\/wp-json\/wp\/v2\/posts"}],"about":[{"href":"https:\/\/progi.com\/fr\/wp-json\/wp\/v2\/types\/post"}],"author":[{"embeddable":true,"href":"https:\/\/progi.com\/fr\/wp-json\/wp\/v2\/users\/2"}],"replies":[{"embeddable":true,"href":"https:\/\/progi.com\/fr\/wp-json\/wp\/v2\/comments?post=2945"}],"version-history":[{"count":2,"href":"https:\/\/progi.com\/fr\/wp-json\/wp\/v2\/posts\/2945\/revisions"}],"predecessor-version":[{"id":4034,"href":"https:\/\/progi.com\/fr\/wp-json\/wp\/v2\/posts\/2945\/revisions\/4034"}],"wp:attachment":[{"href":"https:\/\/progi.com\/fr\/wp-json\/wp\/v2\/media?parent=2945"}],"wp:term":[{"taxonomy":"category","embeddable":true,"href":"https:\/\/progi.com\/fr\/wp-json\/wp\/v2\/categories?post=2945"},{"taxonomy":"post_tag","embeddable":true,"href":"https:\/\/progi.com\/fr\/wp-json\/wp\/v2\/tags?post=2945"}],"curies":[{"name":"wp","href":"https:\/\/api.w.org\/{rel}","templated":true}]}}