{"id":13284,"date":"2024-06-27T08:30:13","date_gmt":"2024-06-27T12:30:13","guid":{"rendered":"https:\/\/progi.com\/?p=13284"},"modified":"2024-06-26T14:03:02","modified_gmt":"2024-06-26T18:03:02","slug":"progi-lance-sa-campagne-fiers-detre-progiciens-pour-celebrer-ses-employes-et-son-excellence-en-ti","status":"publish","type":"post","link":"https:\/\/progi.com\/fr\/2024\/06\/27\/progi-lance-sa-campagne-fiers-detre-progiciens-pour-celebrer-ses-employes-et-son-excellence-en-ti\/","title":{"rendered":"Campagne Fiers d&rsquo;\u00eatre Progiciens"},"content":{"rendered":"<p><i>Pour diffusion imm\u00e9diate<\/i><\/p>\n<p style=\"text-align: center;\"><b>COMMUNIQU\u00c9<\/b><\/p>\n<p style=\"text-align: center;\">PROGI LANCE SA CAMPAGNE FIERS D&rsquo;\u00caTRE PROGICIENS POUR C\u00c9L\u00c9BRER SES EMPLOY\u00c9S ET SON EXCELLENCE EN TI<\/p>\n<p>&nbsp;<\/p>\n<p>Trois-Rivi\u00e8res, Qu\u00e9bec, le 4\u00a0juin 2024. &#8211; Progi, une entreprise qu\u00e9b\u00e9coise renomm\u00e9e dans le domaine des technologies de l&rsquo;information, est fi\u00e8re d&rsquo;annoncer le lancement de sa nouvelle campagne marketing RH, Fiers d&rsquo;\u00eatre Progiciens. Cette campagne met en avant les employ\u00e9s de Progi, leurs r\u00e9alisations et leur contribution exceptionnelle \u00e0 l&rsquo;entreprise.<\/p>\n<p>\u00ab\u2009Chez Progi, nous sommes convaincus que ce sont nos employ\u00e9s qui font la diff\u00e9rence. Leur passion, leur engagement et leur d\u00e9vouement sont les piliers de notre succ\u00e8s\u2009\u00bb, ont d\u00e9clar\u00e9 Alexandre Rocheleau et Katherine Darveau, le directeur et une des conseill\u00e8res RH chez Progi. \u00ab\u2009Avec la campagne Fiers d&rsquo;\u00eatre Progiciens, nous voulons c\u00e9l\u00e9brer nos employ\u00e9s, mettre en lumi\u00e8re notre culture d&rsquo;entreprise unique et renforcer notre position en tant qu&#8217;employeur de choix dans le domaine des TI au Qu\u00e9bec.\u2009\u00bb<\/p>\n<p>\u00ab\u2009Nous sommes impatients de voir nos employ\u00e9s partager leur fiert\u00e9 d&rsquo;\u00eatre Progiciens sur leurs propres r\u00e9seaux\u2009\u00bb, a ajout\u00e9 Katherine Darveau.<\/p>\n<p>La campagne Fiers d&rsquo;\u00eatre Progiciens d\u00e9butera le 4\u00a0juin 2024 et se poursuivra tout au long de l&rsquo;ann\u00e9e. Pour en savoir plus sur Progi et sa culture d&rsquo;entreprise, visitez\u00a0<u><a href=\"https:\/\/progi.com\/fr\/nous-joindre\/carriere\/\" rel=\"noopener noreferrer\">https:\/\/progi.com\/fr\/nous-joindre\/carriere\/<\/a><\/u><u><a href=\"https:\/\/progi.com\/fr\/nous-joindre\/carriere\/\" rel=\"noopener noreferrer\">.<\/a><\/u><\/p>\n<p><b>\u00c0 propos de Progi\u00a0<\/b>: Progi a \u00e9t\u00e9 fond\u00e9e par des Trifluviens au tournant des ann\u00e9es\u00a01990 et a connu ses premiers succ\u00e8s d\u2019affaires en proposant une solution logicielle novatrice pour le march\u00e9 des recycleurs de pi\u00e8ces automobiles. Aujourd\u2019hui, l\u2019entreprise offre une douzaine de solutions logicielles pour les march\u00e9s de l\u2019assurance et de l\u2019automobile.<\/p>\n<p>&nbsp;<\/p>\n<p style=\"text-align: center;\">-30-<\/p>\n<p>Source\u00a0:<br \/>\nKatherine Darveau, CRH Progi<br \/>\n819-370-3198, poste\u00a0264<br \/>\nkdarveau@progi.com<\/p>\n","protected":false},"excerpt":{"rendered":"<p>Pour diffusion imm\u00e9diate COMMUNIQU\u00c9 PROGI LANCE SA CAMPAGNE FIERS D&rsquo;\u00caTRE PROGICIENS POUR C\u00c9L\u00c9BRER SES EMPLOY\u00c9S ET SON EXCELLENCE EN TI &nbsp; Trois-Rivi\u00e8res, Qu\u00e9bec, le 4\u00a0juin 2024. &#8211; Progi, une entreprise qu\u00e9b\u00e9coise renomm\u00e9e dans le domaine des technologies de l&rsquo;information, est fi\u00e8re d&rsquo;annoncer le lancement de [&hellip;]<\/p>\n","protected":false},"author":14,"featured_media":13296,"comment_status":"closed","ping_status":"closed","sticky":false,"template":"","format":"standard","meta":[],"categories":[21,4],"tags":[],"yoast_head":"<!-- This site is optimized with the Yoast SEO plugin v16.5 - https:\/\/yoast.com\/wordpress\/plugins\/seo\/ -->\n<title>Campagne Fiers d&#039;\u00eatre Progiciens - Progi<\/title>\n<meta name=\"description\" content=\"COMMUNIQU\u00c9 | PROGI LANCE SA CAMPAGNE FIERS D&#039;\u00caTRE PROGICIENS POUR C\u00c9L\u00c9BRER SES EMPLOY\u00c9S ET SON EXCELLENCE EN TI | Trois-Rivi\u00e8res, Qu\u00e9bec, le 4\u00a0juin 2024. - Progi, une entreprise qu\u00e9b\u00e9coise renomm\u00e9e dans le domaine des technologies de l&#039;information, est fi\u00e8re d&#039;annoncer le lancement de sa nouvelle campagne marketing RH, Fiers d&#039;\u00eatre Progiciens. Cette campagne met en avant les employ\u00e9s de Progi, leurs r\u00e9alisations et leur contribution exceptionnelle \u00e0 l&#039;entreprise.\" \/>\n<meta name=\"robots\" content=\"index, follow, max-snippet:-1, max-image-preview:large, max-video-preview:-1\" \/>\n<link rel=\"canonical\" href=\"https:\/\/progi.com\/fr\/2024\/06\/27\/progi-lance-sa-campagne-fiers-detre-progiciens-pour-celebrer-ses-employes-et-son-excellence-en-ti\/\" \/>\n<meta property=\"og:locale\" content=\"fr_CA\" \/>\n<meta property=\"og:type\" content=\"article\" \/>\n<meta property=\"og:title\" content=\"Campagne Fiers d&#039;\u00eatre Progiciens - Progi\" \/>\n<meta property=\"og:description\" content=\"COMMUNIQU\u00c9 | PROGI LANCE SA CAMPAGNE FIERS D&#039;\u00caTRE PROGICIENS POUR C\u00c9L\u00c9BRER SES EMPLOY\u00c9S ET SON EXCELLENCE EN TI | Trois-Rivi\u00e8res, Qu\u00e9bec, le 4\u00a0juin 2024. - Progi, une entreprise qu\u00e9b\u00e9coise renomm\u00e9e dans le domaine des technologies de l&#039;information, est fi\u00e8re d&#039;annoncer le lancement de sa nouvelle campagne marketing RH, Fiers d&#039;\u00eatre Progiciens. Cette campagne met en avant les employ\u00e9s de Progi, leurs r\u00e9alisations et leur contribution exceptionnelle \u00e0 l&#039;entreprise.\" \/>\n<meta property=\"og:url\" content=\"https:\/\/progi.com\/fr\/2024\/06\/27\/progi-lance-sa-campagne-fiers-detre-progiciens-pour-celebrer-ses-employes-et-son-excellence-en-ti\/\" \/>\n<meta property=\"og:site_name\" content=\"Progi\" \/>\n<meta property=\"article:published_time\" content=\"2024-06-27T12:30:13+00:00\" \/>\n<meta property=\"article:modified_time\" content=\"2024-06-26T18:03:02+00:00\" \/>\n<meta property=\"og:image\" content=\"https:\/\/progi.com\/wp-content\/uploads\/2024\/06\/Fiers_siteWeb-1.jpg\" \/>\n\t<meta property=\"og:image:width\" content=\"1188\" \/>\n\t<meta property=\"og:image:height\" content=\"667\" \/>\n<meta name=\"twitter:card\" content=\"summary_large_image\" \/>\n<meta name=\"twitter:description\" content=\"COMMUNIQU\u00c9 | PROGI LANCE SA CAMPAGNE FIERS D&#039;\u00caTRE PROGICIENS POUR C\u00c9L\u00c9BRER SES EMPLOY\u00c9S ET SON EXCELLENCE EN TI | Trois-Rivi\u00e8res, Qu\u00e9bec, le 4\u00a0juin 2024. - Progi, une entreprise qu\u00e9b\u00e9coise renomm\u00e9e dans le domaine des technologies de l&#039;information, est fi\u00e8re d&#039;annoncer le lancement de sa nouvelle campagne marketing RH, Fiers d&#039;\u00eatre Progiciens. Cette campagne met en avant les employ\u00e9s de Progi, leurs r\u00e9alisations et leur contribution exceptionnelle \u00e0 l&#039;entreprise.\" \/>\n<meta name=\"twitter:image\" content=\"https:\/\/progi.com\/wp-content\/uploads\/2024\/06\/Fiers_siteWeb-1.jpg\" \/>\n<meta name=\"twitter:label1\" content=\"Estimation du temps de lecture\" \/>\n\t<meta name=\"twitter:data1\" content=\"2 minutes\" \/>\n<script type=\"application\/ld+json\" class=\"yoast-schema-graph\">{\"@context\":\"https:\/\/schema.org\",\"@graph\":[{\"@type\":\"WebSite\",\"@id\":\"https:\/\/progi.com\/en\/#website\",\"url\":\"https:\/\/progi.com\/en\/\",\"name\":\"Progi\",\"description\":\"Solutions digitales pour l&#039;assurance et l&#039;auto\",\"potentialAction\":[{\"@type\":\"SearchAction\",\"target\":\"https:\/\/progi.com\/en\/?s={search_term_string}\",\"query-input\":\"required name=search_term_string\"}],\"inLanguage\":\"fr-CA\"},{\"@type\":\"ImageObject\",\"@id\":\"https:\/\/progi.com\/fr\/2024\/06\/27\/progi-lance-sa-campagne-fiers-detre-progiciens-pour-celebrer-ses-employes-et-son-excellence-en-ti\/#primaryimage\",\"inLanguage\":\"fr-CA\",\"url\":\"https:\/\/progi.com\/wp-content\/uploads\/2024\/06\/Fiers_siteWeb-1.jpg\",\"contentUrl\":\"https:\/\/progi.com\/wp-content\/uploads\/2024\/06\/Fiers_siteWeb-1.jpg\",\"width\":1188,\"height\":667},{\"@type\":\"WebPage\",\"@id\":\"https:\/\/progi.com\/fr\/2024\/06\/27\/progi-lance-sa-campagne-fiers-detre-progiciens-pour-celebrer-ses-employes-et-son-excellence-en-ti\/#webpage\",\"url\":\"https:\/\/progi.com\/fr\/2024\/06\/27\/progi-lance-sa-campagne-fiers-detre-progiciens-pour-celebrer-ses-employes-et-son-excellence-en-ti\/\",\"name\":\"Campagne Fiers d'\\u00eatre Progiciens - Progi\",\"isPartOf\":{\"@id\":\"https:\/\/progi.com\/en\/#website\"},\"primaryImageOfPage\":{\"@id\":\"https:\/\/progi.com\/fr\/2024\/06\/27\/progi-lance-sa-campagne-fiers-detre-progiciens-pour-celebrer-ses-employes-et-son-excellence-en-ti\/#primaryimage\"},\"datePublished\":\"2024-06-27T12:30:13+00:00\",\"dateModified\":\"2024-06-26T18:03:02+00:00\",\"author\":{\"@id\":\"https:\/\/progi.com\/en\/#\/schema\/person\/e0a5b99a40a97474fb7efda0e2ba265a\"},\"description\":\"COMMUNIQU\\u00c9 | PROGI LANCE SA CAMPAGNE FIERS D'\\u00caTRE PROGICIENS POUR C\\u00c9L\\u00c9BRER SES EMPLOY\\u00c9S ET SON EXCELLENCE EN TI | Trois-Rivi\\u00e8res, Qu\\u00e9bec, le 4\\u00a0juin 2024. - Progi, une entreprise qu\\u00e9b\\u00e9coise renomm\\u00e9e dans le domaine des technologies de l'information, est fi\\u00e8re d'annoncer le lancement de sa nouvelle campagne marketing RH, Fiers d'\\u00eatre Progiciens. Cette campagne met en avant les employ\\u00e9s de Progi, leurs r\\u00e9alisations et leur contribution exceptionnelle \\u00e0 l'entreprise.\",\"breadcrumb\":{\"@id\":\"https:\/\/progi.com\/fr\/2024\/06\/27\/progi-lance-sa-campagne-fiers-detre-progiciens-pour-celebrer-ses-employes-et-son-excellence-en-ti\/#breadcrumb\"},\"inLanguage\":\"fr-CA\",\"potentialAction\":[{\"@type\":\"ReadAction\",\"target\":[\"https:\/\/progi.com\/fr\/2024\/06\/27\/progi-lance-sa-campagne-fiers-detre-progiciens-pour-celebrer-ses-employes-et-son-excellence-en-ti\/\"]}]},{\"@type\":\"BreadcrumbList\",\"@id\":\"https:\/\/progi.com\/fr\/2024\/06\/27\/progi-lance-sa-campagne-fiers-detre-progiciens-pour-celebrer-ses-employes-et-son-excellence-en-ti\/#breadcrumb\",\"itemListElement\":[{\"@type\":\"ListItem\",\"position\":1,\"name\":\"Home\",\"item\":\"https:\/\/progi.com\/fr\/\"},{\"@type\":\"ListItem\",\"position\":2,\"name\":\"Campagne Fiers d&#8217;\\u00eatre Progiciens\"}]},{\"@type\":\"Person\",\"@id\":\"https:\/\/progi.com\/en\/#\/schema\/person\/e0a5b99a40a97474fb7efda0e2ba265a\",\"name\":\"Krystel Henley\",\"image\":{\"@type\":\"ImageObject\",\"@id\":\"https:\/\/progi.com\/en\/#personlogo\",\"inLanguage\":\"fr-CA\",\"url\":\"https:\/\/secure.gravatar.com\/avatar\/8a4f02479b7fbf22cfc88072e2b25bb0?s=96&d=mm&r=g\",\"contentUrl\":\"https:\/\/secure.gravatar.com\/avatar\/8a4f02479b7fbf22cfc88072e2b25bb0?s=96&d=mm&r=g\",\"caption\":\"Krystel Henley\"},\"sameAs\":[\"https:\/\/progi.com\"],\"url\":\"https:\/\/progi.com\/fr\/author\/khenley\/\"}]}<\/script>\n<!-- \/ Yoast SEO plugin. -->","amp_enabled":true,"_links":{"self":[{"href":"https:\/\/progi.com\/fr\/wp-json\/wp\/v2\/posts\/13284"}],"collection":[{"href":"https:\/\/progi.com\/fr\/wp-json\/wp\/v2\/posts"}],"about":[{"href":"https:\/\/progi.com\/fr\/wp-json\/wp\/v2\/types\/post"}],"author":[{"embeddable":true,"href":"https:\/\/progi.com\/fr\/wp-json\/wp\/v2\/users\/14"}],"replies":[{"embeddable":true,"href":"https:\/\/progi.com\/fr\/wp-json\/wp\/v2\/comments?post=13284"}],"version-history":[{"count":9,"href":"https:\/\/progi.com\/fr\/wp-json\/wp\/v2\/posts\/13284\/revisions"}],"predecessor-version":[{"id":13303,"href":"https:\/\/progi.com\/fr\/wp-json\/wp\/v2\/posts\/13284\/revisions\/13303"}],"wp:featuredmedia":[{"embeddable":true,"href":"https:\/\/progi.com\/fr\/wp-json\/wp\/v2\/media\/13296"}],"wp:attachment":[{"href":"https:\/\/progi.com\/fr\/wp-json\/wp\/v2\/media?parent=13284"}],"wp:term":[{"taxonomy":"category","embeddable":true,"href":"https:\/\/progi.com\/fr\/wp-json\/wp\/v2\/categories?post=13284"},{"taxonomy":"post_tag","embeddable":true,"href":"https:\/\/progi.com\/fr\/wp-json\/wp\/v2\/tags?post=13284"}],"curies":[{"name":"wp","href":"https:\/\/api.w.org\/{rel}","templated":true}]}}