{"id":12244,"date":"2022-12-16T09:42:41","date_gmt":"2022-12-16T13:42:41","guid":{"rendered":"https:\/\/progi.com\/2022\/12\/16\/progi-et-les-progiciens-offrent-plus-de-640-denrees-et-5%e2%80%89775-a-moisson-mauricie\/"},"modified":"2022-12-16T09:48:00","modified_gmt":"2022-12-16T13:48:00","slug":"don-denrees-5775-dollars-moisson-mauricie","status":"publish","type":"post","link":"https:\/\/progi.com\/fr\/2022\/12\/16\/don-denrees-5775-dollars-moisson-mauricie\/","title":{"rendered":"Progi et les Progiciens offrent plus de 640 denr\u00e9es et 5\u2009775 $ \u00e0 Moisson Mauricie"},"content":{"rendered":"<p>Trois-Rivi\u00e8res, le 14 d\u00e9cembre 2022 \u2014 Le 14 d\u00e9cembre dernier, Progi a offert un don en argent et en denr\u00e9es \u00e0 Moisson Mauricie. Genevi\u00e8ve Marchand, directrice adjointe chez Moisson Mauricie, est venue officiellement recevoir le don aux bureaux de Progi.<\/p>\n<div id=\"attachment_12241\" style=\"width: 310px\" class=\"wp-caption alignright\"><a href=\"https:\/\/progi.com\/wp-content\/uploads\/2022\/12\/moisson-mauricie-progi-don.jpg\"><img aria-describedby=\"caption-attachment-12241\" class=\"size-medium wp-image-12241\" src=\"https:\/\/progi.com\/wp-content\/uploads\/2022\/12\/moisson-mauricie-progi-don-300x225.jpg\" alt=\"\" width=\"300\" height=\"225\" srcset=\"https:\/\/progi.com\/wp-content\/uploads\/2022\/12\/moisson-mauricie-progi-don-200x150.jpg 200w, https:\/\/progi.com\/wp-content\/uploads\/2022\/12\/moisson-mauricie-progi-don-300x225.jpg 300w, https:\/\/progi.com\/wp-content\/uploads\/2022\/12\/moisson-mauricie-progi-don-400x300.jpg 400w, https:\/\/progi.com\/wp-content\/uploads\/2022\/12\/moisson-mauricie-progi-don-600x450.jpg 600w, https:\/\/progi.com\/wp-content\/uploads\/2022\/12\/moisson-mauricie-progi-don-768x576.jpg 768w, https:\/\/progi.com\/wp-content\/uploads\/2022\/12\/moisson-mauricie-progi-don-800x600.jpg 800w, https:\/\/progi.com\/wp-content\/uploads\/2022\/12\/moisson-mauricie-progi-don-1024x768.jpg 1024w, https:\/\/progi.com\/wp-content\/uploads\/2022\/12\/moisson-mauricie-progi-don.jpg 1200w\" sizes=\"(max-width: 300px) 100vw, 300px\" \/><\/a><p id=\"caption-attachment-12241\" class=\"wp-caption-text\">Remise du don et des denr\u00e9es aux bureaux de Progi \u00e0 Trois-Rivi\u00e8res<\/p><\/div>\n<p>Chez Progi, les activit\u00e9s caritatives portent le nom ProgiDon. Au d\u00e9but d\u00e9cembre, les Progiciens se sont mobilis\u00e9s dans une collecte de dons sous forme d\u2019un concours ou dix \u00e9quipes s\u2019affrontaient amicalement dans l\u2019esprit des f\u00eates afin de faire le don le plus important possible \u00e0 Moisson Mauricie.<\/p>\n<p>La Pr\u00e9sidente, Diane Cha\u00een\u00e9, raconte pourquoi le ProgiDon\u00a0: \u00ab\u2009<em>Chez Progi, nous avons de la chance d\u2019avoir une belle organisation en sant\u00e9 malgr\u00e9 les al\u00e9as de l\u2019\u00e9conomie. Toutefois, nous savons que ce n\u2019est pas tout le monde qui a cette chance.<\/em> <em>Les Progiciens ont d\u00e9cid\u00e9 de partager leurs sous et leurs denr\u00e9es avec ceux qui en ont le plus besoin et Progi a doubl\u00e9 la mise. C\u2019est aussi une belle occasion de se retrouver en \u00e9quipe et de se relever les manches pour accomplir quelque chose qui aidera les gens qui nous entourent. C\u2019est encore une occasion de collaborer avec Moisson Mauricie, l\u2019une des pierres angulaires caritatives dans la r\u00e9gion.<\/em><strong>\u2009<\/strong>\u00bb Progi remercie les Progiciens pour leur g\u00e9n\u00e9rosit\u00e9.<\/p>\n<p>Genevi\u00e8ve Marchand de Moisson Mauricie indique\u00a0: \u00ab\u2009Chaque dollar permet de remettre vingt-six fois sa valeur en denr\u00e9es. Avec le don re\u00e7u de Progi, ce sont 150\u2009150\u00a0$ de denr\u00e9es que nous pourrons distribuer. C\u2019est formidable\u2009! Merci \u00e0 toute l\u2019\u00e9quipe Progi pour l\u2019initiative.\u2009\u00bb<\/p>\n<h3>\u00c0 propos de Progi<\/h3>\n<p>C\u2019est une entreprise de technologie de l\u2019information fond\u00e9e par des Trifluviens au tournant des ann\u00e9es\u202f1990. Elle a connu ses premiers succ\u00e8s d\u2019affaires en proposant une solution logicielle novatrice pour le march\u00e9 des recycleurs de pi\u00e8ces automobiles. Aujourd\u2019hui, l\u2019entreprise offre une douzaine de solutions logicielles<strong>\u00a0<\/strong>pour les march\u00e9s de l\u2019assurance et de l\u2019automobile. ProgiPix a permis \u00e0 Progi de se d\u00e9marquer dans le domaine des encans d\u2019automobiles en ligne. Avec ses Progiciens du Qu\u00e9bec, de Toronto, de France et de Colombie, l\u2019\u00e9quipe est tout pr\u00e8s d\u2019atteindre la centaine d\u2019employ\u00e9s.<\/p>\n<p>Progi ch\u00e9rit l\u2019audace de ses entrepreneurs et de ses intrapreneurs, l\u2019adaptation au changement et la proximit\u00e9 avec ses r\u00e9seaux d\u2019affaires. L\u2019entreprise poursuit sa mission qui est de mettre les donn\u00e9es au profit des clients tout en respectant les valeurs suivantes\u00a0: l\u2019innovation, l\u2019amour du travail, l\u2019engagement, l\u2019excellence et, bien s\u00fbr, le travail d\u2019\u00e9quipe.<\/p>\n<p>-30 &#8211;<\/p>\n<h3>Source<\/h3>\n<p>Alexandre Rocheleau, directeur du marketing\u00a0et des ressources humaines<br \/>\nProgi<br \/>\nCourriel\u202f:\u00a0<a href=\"mailto:arocheleau@progi.com\">arocheleau@progi.com<\/a><br \/>\nT\u00e9l\u00e9phone\u202f: 819-609-7048<br \/>\n<a href=\"http:\/\/www.progi.com\/\">www.progi.com<\/a><\/p>\n","protected":false},"excerpt":{"rendered":"<p>Trois-Rivi\u00e8res, le 14 d\u00e9cembre 2022 \u2014 Le 14 d\u00e9cembre dernier, Progi a offert un don en argent et en denr\u00e9es \u00e0 Moisson Mauricie. Genevi\u00e8ve Marchand, directrice adjointe chez Moisson Mauricie, est venue officiellement recevoir le don aux bureaux de Progi. Chez Progi, les activit\u00e9s caritatives [&hellip;]<\/p>\n","protected":false},"author":2,"featured_media":12240,"comment_status":"closed","ping_status":"closed","sticky":false,"template":"","format":"standard","meta":[],"categories":[21,4],"tags":[],"yoast_head":"<!-- This site is optimized with the Yoast SEO plugin v16.5 - https:\/\/yoast.com\/wordpress\/plugins\/seo\/ -->\n<title>Progi et les Progiciens offrent plus de 640 denr\u00e9es et 5\u2009775 $ \u00e0 Moisson Mauricie - Progi<\/title>\n<meta name=\"description\" content=\"Le 14 d\u00e9cembre dernier, Progi a offert un don en argent et en denr\u00e9es \u00e0 Moisson Mauricie. Genevi\u00e8ve Marchand, directrice adjointe chez Moisson Mauricie, est venue officiellement recevoir le don aux bureaux de Progi.\" \/>\n<meta name=\"robots\" content=\"index, follow, max-snippet:-1, max-image-preview:large, max-video-preview:-1\" \/>\n<link rel=\"canonical\" href=\"https:\/\/progi.com\/fr\/2022\/12\/16\/don-denrees-5775-dollars-moisson-mauricie\/\" \/>\n<meta property=\"og:locale\" content=\"fr_CA\" \/>\n<meta property=\"og:type\" content=\"article\" \/>\n<meta property=\"og:title\" content=\"Progi et les Progiciens offrent plus de 640 denr\u00e9es et 5\u2009775 $ \u00e0 Moisson Mauricie - Progi\" \/>\n<meta property=\"og:description\" content=\"Le 14 d\u00e9cembre dernier, Progi a offert un don en argent et en denr\u00e9es \u00e0 Moisson Mauricie. Genevi\u00e8ve Marchand, directrice adjointe chez Moisson Mauricie, est venue officiellement recevoir le don aux bureaux de Progi.\" \/>\n<meta property=\"og:url\" content=\"https:\/\/progi.com\/fr\/2022\/12\/16\/don-denrees-5775-dollars-moisson-mauricie\/\" \/>\n<meta property=\"og:site_name\" content=\"Progi\" \/>\n<meta property=\"article:published_time\" content=\"2022-12-16T13:42:41+00:00\" \/>\n<meta property=\"article:modified_time\" content=\"2022-12-16T13:48:00+00:00\" \/>\n<meta property=\"og:image\" content=\"https:\/\/progi.com\/wp-content\/uploads\/2022\/12\/moisson-mauricie-progi-hero.jpg\" \/>\n<meta name=\"twitter:card\" content=\"summary_large_image\" \/>\n<meta name=\"twitter:title\" content=\"Progi et les Progiciens offrent plus de 640 denr\u00e9es et 5\u2009775 $ \u00e0 Moisson Mauricie - Progi\" \/>\n<meta name=\"twitter:description\" content=\"Le 14 d\u00e9cembre dernier, Progi a offert un don en argent et en denr\u00e9es \u00e0 Moisson Mauricie. Genevi\u00e8ve Marchand, directrice adjointe chez Moisson Mauricie, est venue officiellement recevoir le don aux bureaux de Progi.\" \/>\n<meta name=\"twitter:image\" content=\"https:\/\/progi.com\/wp-content\/uploads\/2022\/12\/moisson-mauricie-progi-hero.jpg\" \/>\n<meta name=\"twitter:label1\" content=\"Estimation du temps de lecture\" \/>\n\t<meta name=\"twitter:data1\" content=\"2 minutes\" \/>\n<script type=\"application\/ld+json\" class=\"yoast-schema-graph\">{\"@context\":\"https:\/\/schema.org\",\"@graph\":[{\"@type\":\"WebSite\",\"@id\":\"https:\/\/progi.com\/en\/#website\",\"url\":\"https:\/\/progi.com\/en\/\",\"name\":\"Progi\",\"description\":\"Solutions digitales pour l&#039;assurance et l&#039;auto\",\"potentialAction\":[{\"@type\":\"SearchAction\",\"target\":\"https:\/\/progi.com\/en\/?s={search_term_string}\",\"query-input\":\"required name=search_term_string\"}],\"inLanguage\":\"fr-CA\"},{\"@type\":\"ImageObject\",\"@id\":\"https:\/\/progi.com\/fr\/2022\/12\/16\/don-denrees-5775-dollars-moisson-mauricie\/#primaryimage\",\"inLanguage\":\"fr-CA\",\"url\":\"\",\"contentUrl\":\"\"},{\"@type\":\"WebPage\",\"@id\":\"https:\/\/progi.com\/fr\/2022\/12\/16\/don-denrees-5775-dollars-moisson-mauricie\/#webpage\",\"url\":\"https:\/\/progi.com\/fr\/2022\/12\/16\/don-denrees-5775-dollars-moisson-mauricie\/\",\"name\":\"Progi et les Progiciens offrent plus de 640 denr\\u00e9es et 5\\u2009775 $ \\u00e0 Moisson Mauricie - Progi\",\"isPartOf\":{\"@id\":\"https:\/\/progi.com\/en\/#website\"},\"primaryImageOfPage\":{\"@id\":\"https:\/\/progi.com\/fr\/2022\/12\/16\/don-denrees-5775-dollars-moisson-mauricie\/#primaryimage\"},\"datePublished\":\"2022-12-16T13:42:41+00:00\",\"dateModified\":\"2022-12-16T13:48:00+00:00\",\"author\":{\"@id\":\"https:\/\/progi.com\/en\/#\/schema\/person\/20dd038f4d5dd3d23745aee5ee3f777b\"},\"description\":\"Le 14 d\\u00e9cembre dernier, Progi a offert un don en argent et en denr\\u00e9es \\u00e0 Moisson Mauricie. Genevi\\u00e8ve Marchand, directrice adjointe chez Moisson Mauricie, est venue officiellement recevoir le don aux bureaux de Progi.\",\"breadcrumb\":{\"@id\":\"https:\/\/progi.com\/fr\/2022\/12\/16\/don-denrees-5775-dollars-moisson-mauricie\/#breadcrumb\"},\"inLanguage\":\"fr-CA\",\"potentialAction\":[{\"@type\":\"ReadAction\",\"target\":[\"https:\/\/progi.com\/fr\/2022\/12\/16\/don-denrees-5775-dollars-moisson-mauricie\/\"]}]},{\"@type\":\"BreadcrumbList\",\"@id\":\"https:\/\/progi.com\/fr\/2022\/12\/16\/don-denrees-5775-dollars-moisson-mauricie\/#breadcrumb\",\"itemListElement\":[{\"@type\":\"ListItem\",\"position\":1,\"name\":\"Home\",\"item\":\"https:\/\/progi.com\/fr\/\"},{\"@type\":\"ListItem\",\"position\":2,\"name\":\"Progi et les Progiciens offrent plus de 640 denr\\u00e9es et 5\\u2009775 $ \\u00e0 Moisson Mauricie\"}]},{\"@type\":\"Person\",\"@id\":\"https:\/\/progi.com\/en\/#\/schema\/person\/20dd038f4d5dd3d23745aee5ee3f777b\",\"name\":\"Emilie Blanchette\",\"image\":{\"@type\":\"ImageObject\",\"@id\":\"https:\/\/progi.com\/en\/#personlogo\",\"inLanguage\":\"fr-CA\",\"url\":\"https:\/\/secure.gravatar.com\/avatar\/77b9a7d182c40031e1881d361fc6bf31?s=96&d=mm&r=g\",\"contentUrl\":\"https:\/\/secure.gravatar.com\/avatar\/77b9a7d182c40031e1881d361fc6bf31?s=96&d=mm&r=g\",\"caption\":\"Emilie Blanchette\"},\"url\":\"https:\/\/progi.com\/fr\/author\/emilie\/\"}]}<\/script>\n<!-- \/ Yoast SEO plugin. -->","amp_enabled":true,"_links":{"self":[{"href":"https:\/\/progi.com\/fr\/wp-json\/wp\/v2\/posts\/12244"}],"collection":[{"href":"https:\/\/progi.com\/fr\/wp-json\/wp\/v2\/posts"}],"about":[{"href":"https:\/\/progi.com\/fr\/wp-json\/wp\/v2\/types\/post"}],"author":[{"embeddable":true,"href":"https:\/\/progi.com\/fr\/wp-json\/wp\/v2\/users\/2"}],"replies":[{"embeddable":true,"href":"https:\/\/progi.com\/fr\/wp-json\/wp\/v2\/comments?post=12244"}],"version-history":[{"count":1,"href":"https:\/\/progi.com\/fr\/wp-json\/wp\/v2\/posts\/12244\/revisions"}],"predecessor-version":[{"id":12246,"href":"https:\/\/progi.com\/fr\/wp-json\/wp\/v2\/posts\/12244\/revisions\/12246"}],"wp:featuredmedia":[{"embeddable":true,"href":"https:\/\/progi.com\/fr\/wp-json\/wp\/v2\/media\/12240"}],"wp:attachment":[{"href":"https:\/\/progi.com\/fr\/wp-json\/wp\/v2\/media?parent=12244"}],"wp:term":[{"taxonomy":"category","embeddable":true,"href":"https:\/\/progi.com\/fr\/wp-json\/wp\/v2\/categories?post=12244"},{"taxonomy":"post_tag","embeddable":true,"href":"https:\/\/progi.com\/fr\/wp-json\/wp\/v2\/tags?post=12244"}],"curies":[{"name":"wp","href":"https:\/\/api.w.org\/{rel}","templated":true}]}}