{"id":11053,"date":"2022-04-26T09:00:59","date_gmt":"2022-04-26T13:00:59","guid":{"rendered":"https:\/\/progi.com\/2022\/04\/04\/un-systeme-de-gestion-de-centre-de-recyclage-automobile-yard-management-system-ou-yms-invente-par-des-recycleurs-pour-des-recycleurs\/"},"modified":"2022-04-04T08:55:37","modified_gmt":"2022-04-04T12:55:37","slug":"un-systeme-de-gestion-de-centre-de-recyclage-automobile-yard-management-system-ou-yms-invente-par-des-recycleurs-pour-des-recycleurs","status":"publish","type":"post","link":"https:\/\/progi.com\/fr\/2022\/04\/26\/un-systeme-de-gestion-de-centre-de-recyclage-automobile-yard-management-system-ou-yms-invente-par-des-recycleurs-pour-des-recycleurs\/","title":{"rendered":"Un syst\u00e8me de gestion de centre de recyclage automobile (Yard Management System ou YMS) invent\u00e9 par des recycleurs, pour des recycleurs"},"content":{"rendered":"<p>On est \u00e0 la fin des ann\u00e9es\u00a080\u2026<\/p>\n<p>Pi\u00e8ces d\u2019Autos Turcotte, un recycleur automobile de Trois-Rivi\u00e8res, Qu\u00e9bec, Canada songe \u00e0 l\u2019informatisation de son entreprise en obtenant un produit qui pourrait l\u2019aider avec ses ventes, la comptabilit\u00e9 et les inventaires.<\/p>\n<p>L\u2019entreprise regarde ce qui existe sur le march\u00e9 et consulte des coll\u00e8gues recycleurs. Les avis sont partag\u00e9s, c\u2019est cher, ce n\u2019est pas disponible en fran\u00e7ais, plusieurs fonctionnalit\u00e9s souhait\u00e9es sont manquantes ou elles ne r\u00e9pondent pas enti\u00e8rement aux besoins du recycleur.<\/p>\n<p>Les gens de P.A.\u00a0Turcotte sont un peu d\u00e9courag\u00e9s par leurs recherches, mais ils ont une id\u00e9e\u00a0: \u00ab\u2009<em>Et si on faisait programmer notre logiciel parfait par une compagnie d\u2019informatique\u2009? On serait 100\u00a0% satisfaits du r\u00e9sultat.\u2009\u00bb<\/em><\/p>\n<p><img class=\"aligncenter wp-image-11050 size-fusion-600\" src=\"https:\/\/progi.com\/wp-content\/uploads\/2022\/04\/car-parts-inventory-600x337.jpg\" alt=\"Looking at inventory of car mags\" width=\"600\" height=\"337\" srcset=\"https:\/\/progi.com\/wp-content\/uploads\/2022\/04\/car-parts-inventory-200x112.jpg 200w, https:\/\/progi.com\/wp-content\/uploads\/2022\/04\/car-parts-inventory-300x168.jpg 300w, https:\/\/progi.com\/wp-content\/uploads\/2022\/04\/car-parts-inventory-400x225.jpg 400w, https:\/\/progi.com\/wp-content\/uploads\/2022\/04\/car-parts-inventory-600x337.jpg 600w, https:\/\/progi.com\/wp-content\/uploads\/2022\/04\/car-parts-inventory-768x431.jpg 768w, https:\/\/progi.com\/wp-content\/uploads\/2022\/04\/car-parts-inventory-800x449.jpg 800w, https:\/\/progi.com\/wp-content\/uploads\/2022\/04\/car-parts-inventory-1024x575.jpg 1024w, https:\/\/progi.com\/wp-content\/uploads\/2022\/04\/car-parts-inventory.jpg 1188w\" sizes=\"(max-width: 600px) 100vw, 600px\" \/><\/p>\n<p>P.A.\u00a0Turcotte se lance et engage une firme pour programmer son logiciel de Yard Management System (YMS), un <a href=\"https:\/\/progi.com\/en\/products\/progipac\/\">ERP sp\u00e9cialis\u00e9 pour les recycleurs automobiles<\/a>. C\u2019est une nouvelle qui fait du bruit dans leur cercle d\u2019affaires. Les autres recycleurs du milieu s\u2019int\u00e9ressent \u00e0 ce qu\u2019ils font. Certains disent\u00a0: <em>\u00ab\u2009Si votre projet fonctionne et que vous \u00eates ouvert \u00e0 le vendre, j\u2019aimerais bien l\u2019avoir pour mon entreprise\u2009\u00bb.<\/em> C\u2019est prometteur. Cependant, quelques mois plus tard, une moins bonne nouvelle les attend. La compagnie d\u2019informatique qu\u2019ils avaient engag\u00e9e est achet\u00e9e par une autre soci\u00e9t\u00e9. Cette derni\u00e8re annonce \u00e0 P.A.\u00a0Turcotte\u00a0: <em>\u00ab\u2009Votre projet ne fait pas partie de notre vision d\u2019entreprise et nous allons l\u2019abandonner. Vous pouvez r\u00e9cup\u00e9rer les droits sur le code d\u00e9j\u00e0 d\u00e9velopp\u00e9 pour la somme de 40\u2009000\u00a0$.\u2009\u00bb<\/em><\/p>\n<p>Chez P.A.\u00a0Turcotte, on sait deux choses\u00a0: on veut le produit et les autres recycleurs sont \u00e9galement int\u00e9ress\u00e9s. On d\u00e9cide donc de fonder ProgiPac, une autre entreprise, avec quelques associ\u00e9s, mais aussi avec des alli\u00e9s, dont le programmeur du logiciel, Fran\u00e7ois Paprosky, qui d\u00e9sire terminer ce qu\u2019il a commenc\u00e9.<\/p>\n<p>En 1990, c\u2019est le d\u00e9but de l\u2019aventure Progi. En 1992, le logiciel est fin pr\u00eat, les ventes d\u00e9butent et beaucoup de recycleurs qu\u00e9b\u00e9cois de marque adopteront le YMS ProgiPac.<\/p>\n<p>\u00c0 travers les ann\u00e9es, les recycleurs qu\u00e9b\u00e9cois sont devenus tr\u00e8s proches de Progi.<\/p>\n<p>En 2021, ProgiPac est devenu <a href=\"https:\/\/progi.com\/en\/\">Progi<\/a> et l\u2019entreprise travaille toujours de pr\u00e8s avec les recycleurs, notamment avec ProgiPi\u00e8ces, son <a href=\"https:\/\/progi.com\/en\/products\/progiparts\/auto-recyclers\/\">vaste march\u00e9 num\u00e9rique de pi\u00e8ces automobile<\/a>, ProgiPac, son YMS, et ProgiPix, son <a href=\"https:\/\/autoauction.progi.com\/fr\/\">encan virtuel pour les v\u00e9hicules pertes totales<\/a>. En plus de sa client\u00e8le de recycleurs, Progi est d\u00e9sormais d\u2019envergure nationale et travaille avec de grands assureurs canadiens, des milliers de carrossiers et de fournisseurs de pi\u00e8ces automobiles et des fabricants automobiles.<\/p>\n<p>Vous pouvez en d\u00e9couvrir davantage sur Progi en visitant progi.com<\/p>\n<p>&#8212;<\/p>\n<p><em><strong>R\u00e9daction\u00a0:<\/strong> Alexandre Rocheleau<\/em><br \/>\n<em><strong>R\u00e9vision\u00a0:<\/strong> Sophie Larocque\u00a0<\/em><br \/>\n<em><strong>\u00c9dition\u00a0:<\/strong> \u00c9milie Blanchette<\/em><\/p>\n","protected":false},"excerpt":{"rendered":"<p>On est \u00e0 la fin des ann\u00e9es\u00a080\u2026 Pi\u00e8ces d\u2019Autos Turcotte, un recycleur automobile de Trois-Rivi\u00e8res, Qu\u00e9bec, Canada songe \u00e0 l\u2019informatisation de son entreprise en obtenant un produit qui pourrait l\u2019aider avec ses ventes, la comptabilit\u00e9 et les inventaires. L\u2019entreprise regarde ce qui existe sur le [&hellip;]<\/p>\n","protected":false},"author":2,"featured_media":11049,"comment_status":"closed","ping_status":"closed","sticky":false,"template":"","format":"standard","meta":[],"categories":[4,3,17,25],"tags":[],"yoast_head":"<!-- This site is optimized with the Yoast SEO plugin v16.5 - https:\/\/yoast.com\/wordpress\/plugins\/seo\/ -->\n<title>Un syst\u00e8me de gestion de centre de recyclage automobile (Yard Management System ou YMS) invent\u00e9 par des recycleurs, pour des recycleurs - Progi<\/title>\n<meta name=\"robots\" content=\"index, follow, max-snippet:-1, max-image-preview:large, max-video-preview:-1\" \/>\n<link rel=\"canonical\" href=\"https:\/\/progi.com\/fr\/2022\/04\/26\/un-systeme-de-gestion-de-centre-de-recyclage-automobile-yard-management-system-ou-yms-invente-par-des-recycleurs-pour-des-recycleurs\/\" \/>\n<meta property=\"og:locale\" content=\"fr_CA\" \/>\n<meta property=\"og:type\" content=\"article\" \/>\n<meta property=\"og:title\" content=\"Un syst\u00e8me de gestion de centre de recyclage automobile (Yard Management System ou YMS) invent\u00e9 par des recycleurs, pour des recycleurs - Progi\" \/>\n<meta property=\"og:description\" content=\"On est \u00e0 la fin des ann\u00e9es\u00a080\u2026 Pi\u00e8ces d\u2019Autos Turcotte, un recycleur automobile de Trois-Rivi\u00e8res, Qu\u00e9bec, Canada songe \u00e0 l\u2019informatisation de son entreprise en obtenant un produit qui pourrait l\u2019aider avec ses ventes, la comptabilit\u00e9 et les inventaires. L\u2019entreprise regarde ce qui existe sur le [&hellip;]\" \/>\n<meta property=\"og:url\" content=\"https:\/\/progi.com\/fr\/2022\/04\/26\/un-systeme-de-gestion-de-centre-de-recyclage-automobile-yard-management-system-ou-yms-invente-par-des-recycleurs-pour-des-recycleurs\/\" \/>\n<meta property=\"og:site_name\" content=\"Progi\" \/>\n<meta property=\"article:published_time\" content=\"2022-04-26T13:00:59+00:00\" \/>\n<meta property=\"article:modified_time\" content=\"2022-04-04T12:55:37+00:00\" \/>\n<meta property=\"og:image\" content=\"https:\/\/progi.com\/wp-content\/uploads\/2022\/04\/car-doors-inventory.jpg\" \/>\n\t<meta property=\"og:image:width\" content=\"1188\" \/>\n\t<meta property=\"og:image:height\" content=\"667\" \/>\n<meta name=\"twitter:card\" content=\"summary_large_image\" \/>\n<meta name=\"twitter:label1\" content=\"Estimation du temps de lecture\" \/>\n\t<meta name=\"twitter:data1\" content=\"2 minutes\" \/>\n<script type=\"application\/ld+json\" class=\"yoast-schema-graph\">{\"@context\":\"https:\/\/schema.org\",\"@graph\":[{\"@type\":\"WebSite\",\"@id\":\"https:\/\/progi.com\/en\/#website\",\"url\":\"https:\/\/progi.com\/en\/\",\"name\":\"Progi\",\"description\":\"Solutions digitales pour l&#039;assurance et l&#039;auto\",\"potentialAction\":[{\"@type\":\"SearchAction\",\"target\":\"https:\/\/progi.com\/en\/?s={search_term_string}\",\"query-input\":\"required name=search_term_string\"}],\"inLanguage\":\"fr-CA\"},{\"@type\":\"ImageObject\",\"@id\":\"https:\/\/progi.com\/fr\/2022\/04\/26\/un-systeme-de-gestion-de-centre-de-recyclage-automobile-yard-management-system-ou-yms-invente-par-des-recycleurs-pour-des-recycleurs\/#primaryimage\",\"inLanguage\":\"fr-CA\",\"url\":\"https:\/\/progi.com\/wp-content\/uploads\/2022\/04\/car-doors-inventory.jpg\",\"contentUrl\":\"https:\/\/progi.com\/wp-content\/uploads\/2022\/04\/car-doors-inventory.jpg\",\"width\":1188,\"height\":667,\"caption\":\"Used auto parts inventory -- car doors\"},{\"@type\":\"WebPage\",\"@id\":\"https:\/\/progi.com\/fr\/2022\/04\/26\/un-systeme-de-gestion-de-centre-de-recyclage-automobile-yard-management-system-ou-yms-invente-par-des-recycleurs-pour-des-recycleurs\/#webpage\",\"url\":\"https:\/\/progi.com\/fr\/2022\/04\/26\/un-systeme-de-gestion-de-centre-de-recyclage-automobile-yard-management-system-ou-yms-invente-par-des-recycleurs-pour-des-recycleurs\/\",\"name\":\"Un syst\\u00e8me de gestion de centre de recyclage automobile (Yard Management System ou YMS) invent\\u00e9 par des recycleurs, pour des recycleurs - Progi\",\"isPartOf\":{\"@id\":\"https:\/\/progi.com\/en\/#website\"},\"primaryImageOfPage\":{\"@id\":\"https:\/\/progi.com\/fr\/2022\/04\/26\/un-systeme-de-gestion-de-centre-de-recyclage-automobile-yard-management-system-ou-yms-invente-par-des-recycleurs-pour-des-recycleurs\/#primaryimage\"},\"datePublished\":\"2022-04-26T13:00:59+00:00\",\"dateModified\":\"2022-04-04T12:55:37+00:00\",\"author\":{\"@id\":\"https:\/\/progi.com\/en\/#\/schema\/person\/20dd038f4d5dd3d23745aee5ee3f777b\"},\"breadcrumb\":{\"@id\":\"https:\/\/progi.com\/fr\/2022\/04\/26\/un-systeme-de-gestion-de-centre-de-recyclage-automobile-yard-management-system-ou-yms-invente-par-des-recycleurs-pour-des-recycleurs\/#breadcrumb\"},\"inLanguage\":\"fr-CA\",\"potentialAction\":[{\"@type\":\"ReadAction\",\"target\":[\"https:\/\/progi.com\/fr\/2022\/04\/26\/un-systeme-de-gestion-de-centre-de-recyclage-automobile-yard-management-system-ou-yms-invente-par-des-recycleurs-pour-des-recycleurs\/\"]}]},{\"@type\":\"BreadcrumbList\",\"@id\":\"https:\/\/progi.com\/fr\/2022\/04\/26\/un-systeme-de-gestion-de-centre-de-recyclage-automobile-yard-management-system-ou-yms-invente-par-des-recycleurs-pour-des-recycleurs\/#breadcrumb\",\"itemListElement\":[{\"@type\":\"ListItem\",\"position\":1,\"name\":\"Home\",\"item\":\"https:\/\/progi.com\/fr\/\"},{\"@type\":\"ListItem\",\"position\":2,\"name\":\"Un syst\\u00e8me de gestion de centre de recyclage automobile (Yard Management System ou YMS) invent\\u00e9 par des recycleurs, pour des recycleurs\"}]},{\"@type\":\"Person\",\"@id\":\"https:\/\/progi.com\/en\/#\/schema\/person\/20dd038f4d5dd3d23745aee5ee3f777b\",\"name\":\"Emilie Blanchette\",\"image\":{\"@type\":\"ImageObject\",\"@id\":\"https:\/\/progi.com\/en\/#personlogo\",\"inLanguage\":\"fr-CA\",\"url\":\"https:\/\/secure.gravatar.com\/avatar\/77b9a7d182c40031e1881d361fc6bf31?s=96&d=mm&r=g\",\"contentUrl\":\"https:\/\/secure.gravatar.com\/avatar\/77b9a7d182c40031e1881d361fc6bf31?s=96&d=mm&r=g\",\"caption\":\"Emilie Blanchette\"},\"url\":\"https:\/\/progi.com\/fr\/author\/emilie\/\"}]}<\/script>\n<!-- \/ Yoast SEO plugin. -->","amp_enabled":true,"_links":{"self":[{"href":"https:\/\/progi.com\/fr\/wp-json\/wp\/v2\/posts\/11053"}],"collection":[{"href":"https:\/\/progi.com\/fr\/wp-json\/wp\/v2\/posts"}],"about":[{"href":"https:\/\/progi.com\/fr\/wp-json\/wp\/v2\/types\/post"}],"author":[{"embeddable":true,"href":"https:\/\/progi.com\/fr\/wp-json\/wp\/v2\/users\/2"}],"replies":[{"embeddable":true,"href":"https:\/\/progi.com\/fr\/wp-json\/wp\/v2\/comments?post=11053"}],"version-history":[{"count":1,"href":"https:\/\/progi.com\/fr\/wp-json\/wp\/v2\/posts\/11053\/revisions"}],"predecessor-version":[{"id":11054,"href":"https:\/\/progi.com\/fr\/wp-json\/wp\/v2\/posts\/11053\/revisions\/11054"}],"wp:featuredmedia":[{"embeddable":true,"href":"https:\/\/progi.com\/fr\/wp-json\/wp\/v2\/media\/11049"}],"wp:attachment":[{"href":"https:\/\/progi.com\/fr\/wp-json\/wp\/v2\/media?parent=11053"}],"wp:term":[{"taxonomy":"category","embeddable":true,"href":"https:\/\/progi.com\/fr\/wp-json\/wp\/v2\/categories?post=11053"},{"taxonomy":"post_tag","embeddable":true,"href":"https:\/\/progi.com\/fr\/wp-json\/wp\/v2\/tags?post=11053"}],"curies":[{"name":"wp","href":"https:\/\/api.w.org\/{rel}","templated":true}]}}